{"id":450,"date":"2022-03-08T09:06:25","date_gmt":"2022-03-08T08:06:25","guid":{"rendered":"http:\/\/krakow-karate.pl\/?p=450"},"modified":"2022-03-08T09:06:26","modified_gmt":"2022-03-08T08:06:26","slug":"egzaminy-na-stopnie-kyu","status":"publish","type":"post","link":"https:\/\/krakow-karate.pl\/index.php\/2022\/03\/08\/egzaminy-na-stopnie-kyu\/","title":{"rendered":"Egzaminy na stopnie kyu"},"content":{"rendered":"\n<p>Dnia 28 lutego 2022 roku odby\u0142y si\u0119 egzaminy na stopnie kyu. Kole\u017cankom i kolegom gratulujemy nowych stopni i \u017cyczymy sukces\u00f3w w dalszej, ci\u0119\u017ckiej, pracy.<\/p>\n\n\n\n<figure class=\"wp-block-image size-large\"><img src=\"http:\/\/krakow-karate.pl\/wp-content\/uploads\/2022\/03\/IMG_5102-1024x576.jpeg\" alt=\"\" class=\"wp-image-451\"\/><\/figure>\n","protected":false},"excerpt":{"rendered":"<p>Dnia 28 lutego 2022 roku odby\u0142y si\u0119 egzaminy na stopnie kyu. Kole\u017cankom i kolegom gratulujemy nowych stopni i \u017cyczymy sukces\u00f3w w dalszej, ci\u0119\u017ckiej, pracy.<\/p>\n","protected":false},"author":1,"featured_media":0,"comment_status":"open","ping_status":"open","sticky":false,"template":"","format":"standard","meta":[],"categories":[1],"tags":[],"_links":{"self":[{"href":"https:\/\/krakow-karate.pl\/index.php\/wp-json\/wp\/v2\/posts\/450"}],"collection":[{"href":"https:\/\/krakow-karate.pl\/index.php\/wp-json\/wp\/v2\/posts"}],"about":[{"href":"https:\/\/krakow-karate.pl\/index.php\/wp-json\/wp\/v2\/types\/post"}],"author":[{"embeddable":true,"href":"https:\/\/krakow-karate.pl\/index.php\/wp-json\/wp\/v2\/users\/1"}],"replies":[{"embeddable":true,"href":"https:\/\/krakow-karate.pl\/index.php\/wp-json\/wp\/v2\/comments?post=450"}],"version-history":[{"count":1,"href":"https:\/\/krakow-karate.pl\/index.php\/wp-json\/wp\/v2\/posts\/450\/revisions"}],"predecessor-version":[{"id":452,"href":"https:\/\/krakow-karate.pl\/index.php\/wp-json\/wp\/v2\/posts\/450\/revisions\/452"}],"wp:attachment":[{"href":"https:\/\/krakow-karate.pl\/index.php\/wp-json\/wp\/v2\/media?parent=450"}],"wp:term":[{"taxonomy":"category","embeddable":true,"href":"https:\/\/krakow-karate.pl\/index.php\/wp-json\/wp\/v2\/categories?post=450"},{"taxonomy":"post_tag","embeddable":true,"href":"https:\/\/krakow-karate.pl\/index.php\/wp-json\/wp\/v2\/tags?post=450"}],"curies":[{"name":"wp","href":"https:\/\/api.w.org\/{rel}","templated":true}]}}