{"id":480,"date":"2023-06-20T09:48:14","date_gmt":"2023-06-20T07:48:14","guid":{"rendered":"http:\/\/krakow-karate.pl\/?p=480"},"modified":"2023-06-20T09:48:15","modified_gmt":"2023-06-20T07:48:15","slug":"staz-karate-z-sensei-kenyu-chinenem","status":"publish","type":"post","link":"http:\/\/krakow-karate.pl\/index.php\/2023\/06\/20\/staz-karate-z-sensei-kenyu-chinenem\/","title":{"rendered":"Sta\u017c karate z sensei Kenyu Chinenem"},"content":{"rendered":"\n<p>W dniach 10-11 czerwca 2023 roku odby\u0142 si\u0119 mi\u0119dzynarodowy sta\u017c, prowadzony przez sensei Kenyu Chinena.<\/p>\n\n\n\n<figure class=\"wp-block-image size-large\"><img src=\"http:\/\/krakow-karate.pl\/wp-content\/uploads\/2023\/06\/42630B85-905C-4FF0-B94F-F18BB11FC52A-1024x1024.jpeg\" alt=\"\" class=\"wp-image-481\"\/><\/figure>\n","protected":false},"excerpt":{"rendered":"<p>W dniach 10-11 czerwca 2023 roku odby\u0142 si\u0119 mi\u0119dzynarodowy sta\u017c, prowadzony przez sensei Kenyu Chinena.<\/p>\n","protected":false},"author":1,"featured_media":0,"comment_status":"open","ping_status":"open","sticky":false,"template":"","format":"standard","meta":[],"categories":[1],"tags":[],"_links":{"self":[{"href":"http:\/\/krakow-karate.pl\/index.php\/wp-json\/wp\/v2\/posts\/480"}],"collection":[{"href":"http:\/\/krakow-karate.pl\/index.php\/wp-json\/wp\/v2\/posts"}],"about":[{"href":"http:\/\/krakow-karate.pl\/index.php\/wp-json\/wp\/v2\/types\/post"}],"author":[{"embeddable":true,"href":"http:\/\/krakow-karate.pl\/index.php\/wp-json\/wp\/v2\/users\/1"}],"replies":[{"embeddable":true,"href":"http:\/\/krakow-karate.pl\/index.php\/wp-json\/wp\/v2\/comments?post=480"}],"version-history":[{"count":1,"href":"http:\/\/krakow-karate.pl\/index.php\/wp-json\/wp\/v2\/posts\/480\/revisions"}],"predecessor-version":[{"id":482,"href":"http:\/\/krakow-karate.pl\/index.php\/wp-json\/wp\/v2\/posts\/480\/revisions\/482"}],"wp:attachment":[{"href":"http:\/\/krakow-karate.pl\/index.php\/wp-json\/wp\/v2\/media?parent=480"}],"wp:term":[{"taxonomy":"category","embeddable":true,"href":"http:\/\/krakow-karate.pl\/index.php\/wp-json\/wp\/v2\/categories?post=480"},{"taxonomy":"post_tag","embeddable":true,"href":"http:\/\/krakow-karate.pl\/index.php\/wp-json\/wp\/v2\/tags?post=480"}],"curies":[{"name":"wp","href":"https:\/\/api.w.org\/{rel}","templated":true}]}}